{"id":8906,"date":"2025-04-28T09:37:21","date_gmt":"2025-04-28T09:37:21","guid":{"rendered":"https:\/\/sevillafcacademy.com\/?p=8906"},"modified":"2025-04-29T08:50:39","modified_gmt":"2025-04-29T08:50:39","slug":"sevilla-fc-d-3-0-alnazcollar-f-b","status":"publish","type":"post","link":"https:\/\/sevillafcacademy.com\/en\/sevilla-fc-d-3-0-alnazcollar-f-b\/","title":{"rendered":"Sevilla FC D 3-0 Alnazc\u00f3llar F.B"},"content":{"rendered":"\n<h6 class=\"wp-block-heading\"><\/h6>\n\n\n\n<p>Sevilla FC D secured a victory in a match against Aznalc\u00f3llar F.B. Sevilla FC D dominated most of the game, imposing their style of play. The home team claimed the win with three goals, scored by Sebas Fineman, Sergio, and Sa\u00fal V\u00e1zquez. Additionally, Sevilla FC D kept a clean sheet once again.<\/p>\n\n\n\n<p>With this win, Sevilla FC D remains in third place in the standings, with one match left to play.<\/p>\n\n\n\n<p><strong>MATCH SHEET:<\/strong><\/p>\n\n\n\n<p><strong>Sevilla FC:<\/strong> Mario, Alejandro, Sergio, Nacho, Sebas, Melchor, Chimezie Obi, Fernando, Tom\u00e1s, Borja Tellado, and Pablo Fragroso. Also featured: Basilio, Fabi\u00e1n, Lotina, Aiden, Darrel, Ismael, and Sa\u00fal.<\/p>\n\n\n\n<p><strong>Goals:<\/strong> 1\u20130: Minute 17 \u2013 Sebas Fineman 2\u20130: Minute 51 \u2013 Sergio 3\u20130: Minute 84 \u2013 Sa\u00fal V\u00e1zquez<\/p>\n","protected":false},"excerpt":{"rendered":"<p>Sevilla FC D secured a victory in a match against Aznalc\u00f3llar F.B. Sevilla FC D dominated most of the game, imposing their style of play. The home team claimed the win with three goals, scored by Sebas Fineman, Sergio, and Sa\u00fal V\u00e1zquez. Additionally, Sevilla FC D kept a clean sheet once again. With this win, [&hellip;]<\/p>\n","protected":false},"author":45,"featured_media":8885,"comment_status":"open","ping_status":"open","sticky":false,"template":"","format":"standard","meta":{"_acf_changed":false,"footnotes":""},"categories":[37],"tags":[],"area_entrada":[89],"class_list":["post-8906","post","type-post","status-publish","format-standard","has-post-thumbnail","hentry","category-sin-categorizar","area_entrada-sevilla-fc-d-en"],"acf":[],"_links":{"self":[{"href":"https:\/\/sevillafcacademy.com\/en\/wp-json\/wp\/v2\/posts\/8906","targetHints":{"allow":["GET"]}}],"collection":[{"href":"https:\/\/sevillafcacademy.com\/en\/wp-json\/wp\/v2\/posts"}],"about":[{"href":"https:\/\/sevillafcacademy.com\/en\/wp-json\/wp\/v2\/types\/post"}],"author":[{"embeddable":true,"href":"https:\/\/sevillafcacademy.com\/en\/wp-json\/wp\/v2\/users\/45"}],"replies":[{"embeddable":true,"href":"https:\/\/sevillafcacademy.com\/en\/wp-json\/wp\/v2\/comments?post=8906"}],"version-history":[{"count":1,"href":"https:\/\/sevillafcacademy.com\/en\/wp-json\/wp\/v2\/posts\/8906\/revisions"}],"predecessor-version":[{"id":8907,"href":"https:\/\/sevillafcacademy.com\/en\/wp-json\/wp\/v2\/posts\/8906\/revisions\/8907"}],"wp:featuredmedia":[{"embeddable":true,"href":"https:\/\/sevillafcacademy.com\/en\/wp-json\/wp\/v2\/media\/8885"}],"wp:attachment":[{"href":"https:\/\/sevillafcacademy.com\/en\/wp-json\/wp\/v2\/media?parent=8906"}],"wp:term":[{"taxonomy":"category","embeddable":true,"href":"https:\/\/sevillafcacademy.com\/en\/wp-json\/wp\/v2\/categories?post=8906"},{"taxonomy":"post_tag","embeddable":true,"href":"https:\/\/sevillafcacademy.com\/en\/wp-json\/wp\/v2\/tags?post=8906"},{"taxonomy":"area_entrada","embeddable":true,"href":"https:\/\/sevillafcacademy.com\/en\/wp-json\/wp\/v2\/area_entrada?post=8906"}],"curies":[{"name":"wp","href":"https:\/\/api.w.org\/{rel}","templated":true}]}}