{"id":14356,"date":"2026-09-02T09:54:49","date_gmt":"2026-09-02T07:54:49","guid":{"rendered":"https:\/\/sevillafcacademy.com\/?p=14356"},"modified":"2026-09-02T12:00:27","modified_gmt":"2026-09-02T10:00:27","slug":"sevilla-fc-d-captains-confirmed","status":"publish","type":"post","link":"https:\/\/sevillafcacademy.com\/en\/sevilla-fc-d-captains-confirmed\/","title":{"rendered":"Sevilla FC D captains confirmed"},"content":{"rendered":"\n<p class=\"wp-block-paragraph\">The captaincy of Sevilla FC D will be led this season by <strong>Borja Tellado, Fabi\u00e1n Rodr\u00edguez, Manuel Cruzado, Mario Rodr\u00edguez and Nacho Gonz\u00e1lez<\/strong>, five footballers who share the commitment to lead the team and convey the values that are part of Sevilla FC&#8217;s identity.<\/p>\n\n\n\n<p class=\"wp-block-paragraph\">The five captains will play a fundamental role throughout the season, acting as references for their teammates and contributing to maintaining the unity, commitment and competitive spirit of the dressing room. Their responsibility will go beyond the pitch, also representing the team and the values of the club.<\/p>\n\n\n\n<p class=\"wp-block-paragraph\"><strong>Borja Tellado, Fabi\u00e1n Rodr\u00edguez, Mario Rodr\u00edguez and Nacho Gonz\u00e1lez<\/strong> have been part of Sevilla FC D since the team&#8217;s creation, in the <strong>2024\/2025<\/strong> season, under the management of <strong>\u00d3scar Olomo<\/strong>. Since then, they have accompanied the team through its early stages and have contributed to its consolidation within the Sevilla FC structure.<\/p>\n\n\n\n<p class=\"wp-block-paragraph\">For his part, <strong>Manuel Cruzado<\/strong> joined the team last season, becoming part of a group facing a new campaign with the aim of continuing to bring experience to the Sevilla side.<\/p>\n\n\n\n<p class=\"wp-block-paragraph\">Regarding their origins, <strong>four of the five captains are Spanish<\/strong>, while <strong>Fabi\u00e1n Rodr\u00edguez is from Puerto Rico<\/strong> and is part of Sevilla FC D through the <strong>High Performance Career Program<\/strong>, an initiative that allows international players to integrate into the club&#8217;s structure and continue their development in a high-performance environment.<\/p>\n\n\n\n<p class=\"wp-block-paragraph\">With experience within the group and a strong commitment to the team, <strong>Borja Tellado, Fabi\u00e1n Rodr\u00edguez, Manuel Cruzado, Mario Rodr\u00edguez and Nacho Gonz\u00e1lez<\/strong> take on the challenge of leading Sevilla FC D throughout a new season, acting as references for their teammates and ambassadors of the club&#8217;s values.<\/p>\n","protected":false},"excerpt":{"rendered":"<p>The captaincy of Sevilla FC D will be led this season by Borja Tellado, Fabi\u00e1n Rodr\u00edguez, Manuel Cruzado, Mario Rodr\u00edguez and Nacho Gonz\u00e1lez, five footballers who share the commitment to lead the team and convey the values that are part of Sevilla FC&#8217;s identity. The five captains will play a fundamental role throughout the season, [&hellip;]<\/p>\n","protected":false},"author":5,"featured_media":14351,"comment_status":"open","ping_status":"open","sticky":false,"template":"","format":"standard","meta":{"_acf_changed":false,"footnotes":""},"categories":[37],"tags":[],"area_entrada":[89],"class_list":["post-14356","post","type-post","status-publish","format-standard","has-post-thumbnail","hentry","category-sin-categorizar","area_entrada-sevilla-fc-d-en"],"acf":[],"_links":{"self":[{"href":"https:\/\/sevillafcacademy.com\/en\/wp-json\/wp\/v2\/posts\/14356","targetHints":{"allow":["GET"]}}],"collection":[{"href":"https:\/\/sevillafcacademy.com\/en\/wp-json\/wp\/v2\/posts"}],"about":[{"href":"https:\/\/sevillafcacademy.com\/en\/wp-json\/wp\/v2\/types\/post"}],"author":[{"embeddable":true,"href":"https:\/\/sevillafcacademy.com\/en\/wp-json\/wp\/v2\/users\/5"}],"replies":[{"embeddable":true,"href":"https:\/\/sevillafcacademy.com\/en\/wp-json\/wp\/v2\/comments?post=14356"}],"version-history":[{"count":1,"href":"https:\/\/sevillafcacademy.com\/en\/wp-json\/wp\/v2\/posts\/14356\/revisions"}],"predecessor-version":[{"id":14357,"href":"https:\/\/sevillafcacademy.com\/en\/wp-json\/wp\/v2\/posts\/14356\/revisions\/14357"}],"wp:featuredmedia":[{"embeddable":true,"href":"https:\/\/sevillafcacademy.com\/en\/wp-json\/wp\/v2\/media\/14351"}],"wp:attachment":[{"href":"https:\/\/sevillafcacademy.com\/en\/wp-json\/wp\/v2\/media?parent=14356"}],"wp:term":[{"taxonomy":"category","embeddable":true,"href":"https:\/\/sevillafcacademy.com\/en\/wp-json\/wp\/v2\/categories?post=14356"},{"taxonomy":"post_tag","embeddable":true,"href":"https:\/\/sevillafcacademy.com\/en\/wp-json\/wp\/v2\/tags?post=14356"},{"taxonomy":"area_entrada","embeddable":true,"href":"https:\/\/sevillafcacademy.com\/en\/wp-json\/wp\/v2\/area_entrada?post=14356"}],"curies":[{"name":"wp","href":"https:\/\/api.w.org\/{rel}","templated":true}]}}